{"id":1,"date":"2016-09-28T14:01:05","date_gmt":"2016-09-28T17:01:05","guid":{"rendered":"http:\/\/adpocosdecaldas.com.br\/2016\/?p=1"},"modified":"2016-11-19T17:12:48","modified_gmt":"2016-11-19T20:12:48","slug":"culto-de-doutrina","status":"publish","type":"post","link":"https:\/\/adpocosdecaldas.com.br\/portal\/blog\/2016\/09\/28\/culto-de-doutrina\/","title":{"rendered":"Culto de doutrina"},"content":{"rendered":"<p style=\"text-align: justify;\">Amados irm\u00e3os, a paz do Senhor!<\/p>\n<p style=\"text-align: justify;\">Glorificamos ao nosso Deus por mais um aben\u00e7oado culto de doutrina, realizado no dia 27 de setembro, ter\u00e7a-feira.<\/p>\n<p style=\"text-align: justify;\">Na igreja Sede, estiveram conosco os dirigentes de nossas congrega\u00e7\u00f5es, em evid\u00eancia a congrega\u00e7\u00e3o do Jd. Kennedy, dirigida pelo Pb. Jeferson Ferreira. Engrandecemos o nosso Deus, em nome de Jesus, atrav\u00e9s de louvores com os departamentos de Jovens e C\u00edrculo de Ora\u00e7\u00e3o.<\/p>\n<p style=\"text-align: justify;\">A palavra da noite foi ministrada pelo Pr. Presidente Aur\u00e9lio R. dos Santos em Rm. Cap. 13 vers. 1-7. Atrav\u00e9s da sua mensagem, pudemos aprender a import\u00e2ncia da pol\u00edtica \u00e0 luz da Palavra de Deus, principalmente nessa \u00e9poca de elei\u00e7\u00f5es.<\/p>\n<p style=\"text-align: justify;\">Louvado seja Deus!<\/p>\n","protected":false},"excerpt":{"rendered":"<p>Amados irm\u00e3os, a paz do Senhor! Glorificamos ao nosso Deus por mais um aben\u00e7oado culto de doutrina, realizado no dia<\/p>\n","protected":false},"author":1,"featured_media":16,"comment_status":"open","ping_status":"open","sticky":false,"template":"","format":"gallery","meta":{"colormag_page_container_layout":"default_layout","colormag_page_sidebar_layout":"default_layout","footnotes":""},"categories":[21,2,25],"tags":[5,23],"class_list":["post-1","post","type-post","status-publish","format-gallery","has-post-thumbnail","hentry","category-congregacoes","category-cultos","category-jd-kennedy-ii","tag-doutrina","tag-obreiros","post_format-post-format-gallery"],"_links":{"self":[{"href":"https:\/\/adpocosdecaldas.com.br\/portal\/wp-json\/wp\/v2\/posts\/1","targetHints":{"allow":["GET"]}}],"collection":[{"href":"https:\/\/adpocosdecaldas.com.br\/portal\/wp-json\/wp\/v2\/posts"}],"about":[{"href":"https:\/\/adpocosdecaldas.com.br\/portal\/wp-json\/wp\/v2\/types\/post"}],"author":[{"embeddable":true,"href":"https:\/\/adpocosdecaldas.com.br\/portal\/wp-json\/wp\/v2\/users\/1"}],"replies":[{"embeddable":true,"href":"https:\/\/adpocosdecaldas.com.br\/portal\/wp-json\/wp\/v2\/comments?post=1"}],"version-history":[{"count":6,"href":"https:\/\/adpocosdecaldas.com.br\/portal\/wp-json\/wp\/v2\/posts\/1\/revisions"}],"predecessor-version":[{"id":33,"href":"https:\/\/adpocosdecaldas.com.br\/portal\/wp-json\/wp\/v2\/posts\/1\/revisions\/33"}],"wp:featuredmedia":[{"embeddable":true,"href":"https:\/\/adpocosdecaldas.com.br\/portal\/wp-json\/wp\/v2\/media\/16"}],"wp:attachment":[{"href":"https:\/\/adpocosdecaldas.com.br\/portal\/wp-json\/wp\/v2\/media?parent=1"}],"wp:term":[{"taxonomy":"category","embeddable":true,"href":"https:\/\/adpocosdecaldas.com.br\/portal\/wp-json\/wp\/v2\/categories?post=1"},{"taxonomy":"post_tag","embeddable":true,"href":"https:\/\/adpocosdecaldas.com.br\/portal\/wp-json\/wp\/v2\/tags?post=1"}],"curies":[{"name":"wp","href":"https:\/\/api.w.org\/{rel}","templated":true}]}}