{"id":1242,"date":"2017-05-02T07:23:41","date_gmt":"2017-05-02T10:23:41","guid":{"rendered":"http:\/\/adpocosdecaldas.com.br\/portal\/?p=1242"},"modified":"2017-05-02T08:25:09","modified_gmt":"2017-05-02T11:25:09","slug":"5-congresso-mpm","status":"publish","type":"post","link":"https:\/\/adpocosdecaldas.com.br\/portal\/blog\/2017\/05\/02\/5-congresso-mpm\/","title":{"rendered":"5\u00ba Congresso MPM"},"content":{"rendered":"<h4 style=\"text-align: center;\">Dias 5 e 6 de maio &#8211; sexta e s\u00e1bado<\/h4>\n<h6 style=\"text-align: center;\">Na Igreja Sede da AD Po\u00e7os de Caldas &#8211; Minist\u00e9rio de Madureira<\/h6>\n<p style=\"text-align: center;\"><a href=\"http:\/\/adpocosdecaldas.com.br\/portal\/wp-content\/uploads\/2017\/05\/cronograma-5-congresso-mpm.pdf\" target=\"_blank\" rel=\"noopener noreferrer\"><span style=\"color: #ff0000;\"><strong>CLIQUE E BAIXE O CRONOGRAMA DO EVENTO<\/strong><\/span><\/a><\/p>\n<p><span style=\"color: #003366;\"><strong>TEMA: O chamado Integral<\/strong><\/span><\/p>\n<p><span style=\"color: #003366;\"><strong>E sabemos que todas as coisas contribuem juntamente para o bem daqueles que amam a Deus, daqueles que s\u00e3o chamados segundo o seu prop\u00f3sito. <\/strong><\/span><span style=\"color: #003366;\"><strong>Romanos 8:28<\/strong><\/span><\/p>\n<p><span style=\"color: #ff0000;\"><em><strong>5 anos de MPM, o que temos feito???<\/strong><\/em><\/span><\/p>\n<p>A MPM tem apoiado a Miss. Evelyn na Argentina, ela tem trabalhado \u00a0como advogada na garantia dos direitos humanos de muitos refugiados da guerra na S\u00edria com o projeto: \u201cO refugiado tamb\u00e9m \u00e9 meu pr\u00f3ximo\u201d.<\/p>\n<p><img loading=\"lazy\" decoding=\"async\" class=\"size-medium wp-image-1244 alignleft\" src=\"http:\/\/adpocosdecaldas.com.br\/portal\/wp-content\/uploads\/2017\/05\/criancas-unicef-300x200.png\" alt=\"\" width=\"300\" height=\"200\" srcset=\"https:\/\/adpocosdecaldas.com.br\/portal\/wp-content\/uploads\/2017\/05\/criancas-unicef-300x200.png 300w, https:\/\/adpocosdecaldas.com.br\/portal\/wp-content\/uploads\/2017\/05\/criancas-unicef-768x511.png 768w, https:\/\/adpocosdecaldas.com.br\/portal\/wp-content\/uploads\/2017\/05\/criancas-unicef.png 960w\" sizes=\"auto, (max-width: 300px) 100vw, 300px\" \/><em>\u201cNem migrantes, nem refugiadas. Elas s\u00e3o, antes de tudo, crian\u00e7as. E os seus direitos devem ser garantidos em qualquer circunst\u00e2ncia.\u201d<\/em><\/p>\n<div style=\"clear: both; color: #ff0000;\">\n<p>&nbsp;<\/p>\n<p>E voc\u00ea, o que tem feito???<\/p>\n<\/div>\n<p><img loading=\"lazy\" decoding=\"async\" class=\"alignleft wp-image-1245 size-full\" src=\"http:\/\/adpocosdecaldas.com.br\/portal\/wp-content\/uploads\/2017\/05\/mpm-logo-e1493641991620.png\" alt=\"\" width=\"150\" height=\"92\" \/><em>Porque TODOS n\u00f3s fomos chamados segundo o seu prop\u00f3sito. N\u00e3o se trata de religiosidade, estamos falando sobre AMAR miss\u00f5es!<\/em><\/p>\n","protected":false},"excerpt":{"rendered":"<p>Dias 5 e 6 de maio &#8211; sexta e s\u00e1bado Na Igreja Sede da AD Po\u00e7os de Caldas &#8211; Minist\u00e9rio<\/p>\n","protected":false},"author":1,"featured_media":1243,"comment_status":"open","ping_status":"open","sticky":false,"template":"","format":"standard","meta":{"colormag_page_container_layout":"default_layout","colormag_page_sidebar_layout":"default_layout","footnotes":""},"categories":[30,8,64,77],"tags":[],"class_list":["post-1242","post","type-post","status-publish","format-standard","has-post-thumbnail","hentry","category-congressos","category-missoes","category-mpm","category-noticias"],"_links":{"self":[{"href":"https:\/\/adpocosdecaldas.com.br\/portal\/wp-json\/wp\/v2\/posts\/1242","targetHints":{"allow":["GET"]}}],"collection":[{"href":"https:\/\/adpocosdecaldas.com.br\/portal\/wp-json\/wp\/v2\/posts"}],"about":[{"href":"https:\/\/adpocosdecaldas.com.br\/portal\/wp-json\/wp\/v2\/types\/post"}],"author":[{"embeddable":true,"href":"https:\/\/adpocosdecaldas.com.br\/portal\/wp-json\/wp\/v2\/users\/1"}],"replies":[{"embeddable":true,"href":"https:\/\/adpocosdecaldas.com.br\/portal\/wp-json\/wp\/v2\/comments?post=1242"}],"version-history":[{"count":11,"href":"https:\/\/adpocosdecaldas.com.br\/portal\/wp-json\/wp\/v2\/posts\/1242\/revisions"}],"predecessor-version":[{"id":1260,"href":"https:\/\/adpocosdecaldas.com.br\/portal\/wp-json\/wp\/v2\/posts\/1242\/revisions\/1260"}],"wp:featuredmedia":[{"embeddable":true,"href":"https:\/\/adpocosdecaldas.com.br\/portal\/wp-json\/wp\/v2\/media\/1243"}],"wp:attachment":[{"href":"https:\/\/adpocosdecaldas.com.br\/portal\/wp-json\/wp\/v2\/media?parent=1242"}],"wp:term":[{"taxonomy":"category","embeddable":true,"href":"https:\/\/adpocosdecaldas.com.br\/portal\/wp-json\/wp\/v2\/categories?post=1242"},{"taxonomy":"post_tag","embeddable":true,"href":"https:\/\/adpocosdecaldas.com.br\/portal\/wp-json\/wp\/v2\/tags?post=1242"}],"curies":[{"name":"wp","href":"https:\/\/api.w.org\/{rel}","templated":true}]}}