{"id":1266,"date":"2017-05-12T11:34:05","date_gmt":"2017-05-12T14:34:05","guid":{"rendered":"http:\/\/adpocosdecaldas.com.br\/portal\/?p=1266"},"modified":"2017-05-12T11:34:05","modified_gmt":"2017-05-12T14:34:05","slug":"residencial-veredas-novas-fotos-ii","status":"publish","type":"post","link":"https:\/\/adpocosdecaldas.com.br\/portal\/blog\/2017\/05\/12\/residencial-veredas-novas-fotos-ii\/","title":{"rendered":"Residencial Veredas: novas fotos II"},"content":{"rendered":"<p><span class=\"wpsdc-drop-cap\">C<\/span>om a gra\u00e7a de Deus, a\u00a0constru\u00e7\u00e3o da nova congrega\u00e7\u00e3o no bairro Residencial Veredas continua avan\u00e7ando em ritmo acelerado. O estabelecimento deste novo trabalho j\u00e1 \u00e9 motivo de grande alegria e comemora\u00e7\u00e3o por parte da vizinhan\u00e7a que, em breve, poder\u00e1 cultuar ao Senhor nesta bela igreja.<\/p>\n<div id='gallery-1' class='gallery galleryid-1266 gallery-columns-4 gallery-size-colormag-featured-image'><figure class='gallery-item'>\n\t\t\t<div class='gallery-icon landscape'>\n\t\t\t\t<a title=\"20170510_104736\" href='https:\/\/adpocosdecaldas.com.br\/portal\/wp-content\/uploads\/2017\/05\/20170510_104736.jpg'><img loading=\"lazy\" decoding=\"async\" width=\"800\" height=\"445\" src=\"https:\/\/adpocosdecaldas.com.br\/portal\/wp-content\/uploads\/2017\/05\/20170510_104736-800x445.jpg\" class=\"attachment-colormag-featured-image size-colormag-featured-image\" alt=\"\" \/><\/a>\n\t\t\t<\/div><\/figure><figure class='gallery-item'>\n\t\t\t<div class='gallery-icon landscape'>\n\t\t\t\t<a title=\"20170510_104743\" href='https:\/\/adpocosdecaldas.com.br\/portal\/wp-content\/uploads\/2017\/05\/20170510_104743.jpg'><img loading=\"lazy\" decoding=\"async\" width=\"800\" height=\"445\" src=\"https:\/\/adpocosdecaldas.com.br\/portal\/wp-content\/uploads\/2017\/05\/20170510_104743-800x445.jpg\" class=\"attachment-colormag-featured-image size-colormag-featured-image\" alt=\"\" \/><\/a>\n\t\t\t<\/div><\/figure><figure class='gallery-item'>\n\t\t\t<div class='gallery-icon landscape'>\n\t\t\t\t<a title=\"20170510_104751\" href='https:\/\/adpocosdecaldas.com.br\/portal\/wp-content\/uploads\/2017\/05\/20170510_104751.jpg'><img loading=\"lazy\" decoding=\"async\" width=\"800\" height=\"445\" src=\"https:\/\/adpocosdecaldas.com.br\/portal\/wp-content\/uploads\/2017\/05\/20170510_104751-800x445.jpg\" class=\"attachment-colormag-featured-image size-colormag-featured-image\" alt=\"\" \/><\/a>\n\t\t\t<\/div><\/figure><figure class='gallery-item'>\n\t\t\t<div class='gallery-icon landscape'>\n\t\t\t\t<a title=\"20170510_105015\" href='https:\/\/adpocosdecaldas.com.br\/portal\/wp-content\/uploads\/2017\/05\/20170510_105015.jpg'><img loading=\"lazy\" decoding=\"async\" width=\"800\" height=\"445\" src=\"https:\/\/adpocosdecaldas.com.br\/portal\/wp-content\/uploads\/2017\/05\/20170510_105015-800x445.jpg\" class=\"attachment-colormag-featured-image size-colormag-featured-image\" alt=\"\" \/><\/a>\n\t\t\t<\/div><\/figure><figure class='gallery-item'>\n\t\t\t<div class='gallery-icon landscape'>\n\t\t\t\t<a title=\"20170510_105022\" href='https:\/\/adpocosdecaldas.com.br\/portal\/wp-content\/uploads\/2017\/05\/20170510_105022.jpg'><img loading=\"lazy\" decoding=\"async\" width=\"800\" height=\"445\" src=\"https:\/\/adpocosdecaldas.com.br\/portal\/wp-content\/uploads\/2017\/05\/20170510_105022-800x445.jpg\" class=\"attachment-colormag-featured-image size-colormag-featured-image\" alt=\"\" \/><\/a>\n\t\t\t<\/div><\/figure><figure class='gallery-item'>\n\t\t\t<div class='gallery-icon landscape'>\n\t\t\t\t<a title=\"20170510_105026\" href='https:\/\/adpocosdecaldas.com.br\/portal\/wp-content\/uploads\/2017\/05\/20170510_105026.jpg'><img loading=\"lazy\" decoding=\"async\" width=\"800\" height=\"445\" src=\"https:\/\/adpocosdecaldas.com.br\/portal\/wp-content\/uploads\/2017\/05\/20170510_105026-800x445.jpg\" class=\"attachment-colormag-featured-image size-colormag-featured-image\" alt=\"\" \/><\/a>\n\t\t\t<\/div><\/figure><figure class='gallery-item'>\n\t\t\t<div class='gallery-icon landscape'>\n\t\t\t\t<a title=\"20170510_105033\" href='https:\/\/adpocosdecaldas.com.br\/portal\/wp-content\/uploads\/2017\/05\/20170510_105033.jpg'><img loading=\"lazy\" decoding=\"async\" width=\"800\" height=\"445\" src=\"https:\/\/adpocosdecaldas.com.br\/portal\/wp-content\/uploads\/2017\/05\/20170510_105033-800x445.jpg\" class=\"attachment-colormag-featured-image size-colormag-featured-image\" alt=\"\" \/><\/a>\n\t\t\t<\/div><\/figure><figure class='gallery-item'>\n\t\t\t<div class='gallery-icon landscape'>\n\t\t\t\t<a title=\"20170510_105332\" href='https:\/\/adpocosdecaldas.com.br\/portal\/wp-content\/uploads\/2017\/05\/20170510_105332.jpg'><img loading=\"lazy\" decoding=\"async\" width=\"800\" height=\"445\" src=\"https:\/\/adpocosdecaldas.com.br\/portal\/wp-content\/uploads\/2017\/05\/20170510_105332-800x445.jpg\" class=\"attachment-colormag-featured-image size-colormag-featured-image\" alt=\"\" \/><\/a>\n\t\t\t<\/div><\/figure><figure class='gallery-item'>\n\t\t\t<div class='gallery-icon landscape'>\n\t\t\t\t<a title=\"20170510_105413\" href='https:\/\/adpocosdecaldas.com.br\/portal\/wp-content\/uploads\/2017\/05\/20170510_105413.jpg'><img loading=\"lazy\" decoding=\"async\" width=\"800\" height=\"445\" src=\"https:\/\/adpocosdecaldas.com.br\/portal\/wp-content\/uploads\/2017\/05\/20170510_105413-800x445.jpg\" class=\"attachment-colormag-featured-image size-colormag-featured-image\" alt=\"\" \/><\/a>\n\t\t\t<\/div><\/figure>\n\t\t<\/div>\n\n","protected":false},"excerpt":{"rendered":"<p>Com a gra\u00e7a de Deus, a\u00a0constru\u00e7\u00e3o da nova congrega\u00e7\u00e3o no bairro Residencial Veredas continua avan\u00e7ando em ritmo acelerado. O estabelecimento<\/p>\n","protected":false},"author":1,"featured_media":1267,"comment_status":"open","ping_status":"open","sticky":false,"template":"","format":"standard","meta":{"colormag_page_container_layout":"default_layout","colormag_page_sidebar_layout":"default_layout","footnotes":""},"categories":[10,45],"tags":[],"class_list":["post-1266","post","type-post","status-publish","format-standard","has-post-thumbnail","hentry","category-construcoes","category-jd-country-club"],"_links":{"self":[{"href":"https:\/\/adpocosdecaldas.com.br\/portal\/wp-json\/wp\/v2\/posts\/1266","targetHints":{"allow":["GET"]}}],"collection":[{"href":"https:\/\/adpocosdecaldas.com.br\/portal\/wp-json\/wp\/v2\/posts"}],"about":[{"href":"https:\/\/adpocosdecaldas.com.br\/portal\/wp-json\/wp\/v2\/types\/post"}],"author":[{"embeddable":true,"href":"https:\/\/adpocosdecaldas.com.br\/portal\/wp-json\/wp\/v2\/users\/1"}],"replies":[{"embeddable":true,"href":"https:\/\/adpocosdecaldas.com.br\/portal\/wp-json\/wp\/v2\/comments?post=1266"}],"version-history":[{"count":2,"href":"https:\/\/adpocosdecaldas.com.br\/portal\/wp-json\/wp\/v2\/posts\/1266\/revisions"}],"predecessor-version":[{"id":1278,"href":"https:\/\/adpocosdecaldas.com.br\/portal\/wp-json\/wp\/v2\/posts\/1266\/revisions\/1278"}],"wp:featuredmedia":[{"embeddable":true,"href":"https:\/\/adpocosdecaldas.com.br\/portal\/wp-json\/wp\/v2\/media\/1267"}],"wp:attachment":[{"href":"https:\/\/adpocosdecaldas.com.br\/portal\/wp-json\/wp\/v2\/media?parent=1266"}],"wp:term":[{"taxonomy":"category","embeddable":true,"href":"https:\/\/adpocosdecaldas.com.br\/portal\/wp-json\/wp\/v2\/categories?post=1266"},{"taxonomy":"post_tag","embeddable":true,"href":"https:\/\/adpocosdecaldas.com.br\/portal\/wp-json\/wp\/v2\/tags?post=1266"}],"curies":[{"name":"wp","href":"https:\/\/api.w.org\/{rel}","templated":true}]}}