{"id":2049,"date":"2018-02-28T22:52:13","date_gmt":"2018-03-01T01:52:13","guid":{"rendered":"http:\/\/adpocosdecaldas.com.br\/portal\/?p=2049"},"modified":"2018-05-21T00:06:22","modified_gmt":"2018-05-21T03:06:22","slug":"aprendendo-com-tome","status":"publish","type":"post","link":"https:\/\/adpocosdecaldas.com.br\/portal\/blog\/2018\/02\/28\/aprendendo-com-tome\/","title":{"rendered":"Aprendendo com Tom\u00e9"},"content":{"rendered":"<blockquote><p>Ora, Tom\u00e9, um dos doze, chamado D\u00eddimo, n\u00e3o estava com eles quando veio Jesus. Jo\u00e3o 20:24<\/p><\/blockquote>\n<p style=\"text-align: center;\"><iframe loading=\"lazy\" src=\"https:\/\/www.youtube.com\/embed\/G-WhRFwWdq8\" width=\"560\" height=\"315\" frameborder=\"0\" allowfullscreen=\"allowfullscreen\"><span style=\"display: inline-block; width: 0px; overflow: hidden; line-height: 0;\" data-mce-type=\"bookmark\" class=\"mce_SELRES_start\">\ufeff<\/span><\/iframe><\/p>\n","protected":false},"excerpt":{"rendered":"<p>Ora, Tom\u00e9, um dos doze, chamado D\u00eddimo, n\u00e3o estava com eles quando veio Jesus. Jo\u00e3o 20:24 \ufeff<\/p>\n","protected":false},"author":4,"featured_media":2050,"comment_status":"open","ping_status":"open","sticky":false,"template":"","format":"standard","meta":{"colormag_page_container_layout":"default_layout","colormag_page_sidebar_layout":"default_layout","footnotes":""},"categories":[65],"tags":[],"class_list":["post-2049","post","type-post","status-publish","format-standard","has-post-thumbnail","hentry","category-mensagens"],"_links":{"self":[{"href":"https:\/\/adpocosdecaldas.com.br\/portal\/wp-json\/wp\/v2\/posts\/2049","targetHints":{"allow":["GET"]}}],"collection":[{"href":"https:\/\/adpocosdecaldas.com.br\/portal\/wp-json\/wp\/v2\/posts"}],"about":[{"href":"https:\/\/adpocosdecaldas.com.br\/portal\/wp-json\/wp\/v2\/types\/post"}],"author":[{"embeddable":true,"href":"https:\/\/adpocosdecaldas.com.br\/portal\/wp-json\/wp\/v2\/users\/4"}],"replies":[{"embeddable":true,"href":"https:\/\/adpocosdecaldas.com.br\/portal\/wp-json\/wp\/v2\/comments?post=2049"}],"version-history":[{"count":1,"href":"https:\/\/adpocosdecaldas.com.br\/portal\/wp-json\/wp\/v2\/posts\/2049\/revisions"}],"predecessor-version":[{"id":2051,"href":"https:\/\/adpocosdecaldas.com.br\/portal\/wp-json\/wp\/v2\/posts\/2049\/revisions\/2051"}],"wp:featuredmedia":[{"embeddable":true,"href":"https:\/\/adpocosdecaldas.com.br\/portal\/wp-json\/wp\/v2\/media\/2050"}],"wp:attachment":[{"href":"https:\/\/adpocosdecaldas.com.br\/portal\/wp-json\/wp\/v2\/media?parent=2049"}],"wp:term":[{"taxonomy":"category","embeddable":true,"href":"https:\/\/adpocosdecaldas.com.br\/portal\/wp-json\/wp\/v2\/categories?post=2049"},{"taxonomy":"post_tag","embeddable":true,"href":"https:\/\/adpocosdecaldas.com.br\/portal\/wp-json\/wp\/v2\/tags?post=2049"}],"curies":[{"name":"wp","href":"https:\/\/api.w.org\/{rel}","templated":true}]}}