{"id":28,"date":"2016-09-28T14:24:39","date_gmt":"2016-09-28T14:24:39","guid":{"rendered":"http:\/\/adpocosdecaldas.com.br\/2016\/?p=28"},"modified":"2016-10-04T20:33:56","modified_gmt":"2016-10-04T20:33:56","slug":"tempo-de-oracao","status":"publish","type":"post","link":"https:\/\/adpocosdecaldas.com.br\/portal\/blog\/2016\/09\/28\/tempo-de-oracao\/","title":{"rendered":"Tempo de ora\u00e7\u00e3o"},"content":{"rendered":"<p style=\"text-align: justify\">Queridos irm\u00e3os, hoje pela manh\u00e3 tivemos um tempo de ora\u00e7\u00e3o e intercess\u00e3o por fam\u00edlias refugiadas s\u00edrias que estar\u00e3o viajando do L\u00edbano para a Argentina em busca de um novo lar!<\/p>\n<p style=\"text-align: justify\">Nossa mission\u00e1ria Evelyn Santos vive na Jucum Ywam Ituzaing\u00f3 e est\u00e1 trabalhando com o Projeto &#8220;Una Iglesia Una Familia&#8221; e estamos muito emocionados de poder participar ativamente desse milagre e ben\u00e7\u00e3o de Deus!!!<\/p>\n<p>#Orefugiado\u00c9oMeuPr\u00f3ximo<br \/>\n<a href=\"https:\/\/www.facebook.com\/hashtag\/elrefugiadoesmiprojimo\" target=\"_blank\">#ElRefugiadoEsMiProjimo<\/a><\/p>\n<div id='gallery-1' class='gallery galleryid-28 gallery-columns-2 gallery-size-medium'><figure class='gallery-item'>\n\t\t\t<div class='gallery-icon landscape'>\n\t\t\t\t<a title=\"14484681_1118510794905604_933971897379407233_n\" href='https:\/\/adpocosdecaldas.com.br\/portal\/blog\/2016\/09\/28\/tempo-de-oracao\/14484681_1118510794905604_933971897379407233_n\/'><img loading=\"lazy\" decoding=\"async\" width=\"300\" height=\"180\" src=\"https:\/\/adpocosdecaldas.com.br\/portal\/wp-content\/uploads\/2016\/10\/14484681_1118510794905604_933971897379407233_n-300x180.jpg\" class=\"attachment-medium size-medium\" alt=\"\" srcset=\"https:\/\/adpocosdecaldas.com.br\/portal\/wp-content\/uploads\/2016\/10\/14484681_1118510794905604_933971897379407233_n-300x180.jpg 300w, https:\/\/adpocosdecaldas.com.br\/portal\/wp-content\/uploads\/2016\/10\/14484681_1118510794905604_933971897379407233_n-768x461.jpg 768w, https:\/\/adpocosdecaldas.com.br\/portal\/wp-content\/uploads\/2016\/10\/14484681_1118510794905604_933971897379407233_n.jpg 960w\" sizes=\"auto, (max-width: 300px) 100vw, 300px\" \/><\/a>\n\t\t\t<\/div><\/figure><figure class='gallery-item'>\n\t\t\t<div class='gallery-icon landscape'>\n\t\t\t\t<a title=\"14516527_1118510878238929_1977767310716645663_n\" href='https:\/\/adpocosdecaldas.com.br\/portal\/blog\/2016\/09\/28\/tempo-de-oracao\/14516527_1118510878238929_1977767310716645663_n\/'><img loading=\"lazy\" decoding=\"async\" width=\"300\" height=\"180\" src=\"https:\/\/adpocosdecaldas.com.br\/portal\/wp-content\/uploads\/2016\/10\/14516527_1118510878238929_1977767310716645663_n-300x180.jpg\" class=\"attachment-medium size-medium\" alt=\"\" srcset=\"https:\/\/adpocosdecaldas.com.br\/portal\/wp-content\/uploads\/2016\/10\/14516527_1118510878238929_1977767310716645663_n-300x180.jpg 300w, https:\/\/adpocosdecaldas.com.br\/portal\/wp-content\/uploads\/2016\/10\/14516527_1118510878238929_1977767310716645663_n-768x461.jpg 768w, https:\/\/adpocosdecaldas.com.br\/portal\/wp-content\/uploads\/2016\/10\/14516527_1118510878238929_1977767310716645663_n.jpg 960w\" sizes=\"auto, (max-width: 300px) 100vw, 300px\" \/><\/a>\n\t\t\t<\/div><\/figure>\n\t\t<\/div>\n\n","protected":false},"excerpt":{"rendered":"<p>Queridos irm\u00e3os, hoje pela manh\u00e3 tivemos um tempo de ora\u00e7\u00e3o e intercess\u00e3o por fam\u00edlias refugiadas s\u00edrias que estar\u00e3o viajando do<\/p>\n","protected":false},"author":2,"featured_media":30,"comment_status":"open","ping_status":"open","sticky":false,"template":"","format":"standard","meta":{"colormag_page_container_layout":"default_layout","colormag_page_sidebar_layout":"default_layout","footnotes":""},"categories":[8],"tags":[7],"class_list":["post-28","post","type-post","status-publish","format-standard","has-post-thumbnail","hentry","category-missoes","tag-refugiados"],"_links":{"self":[{"href":"https:\/\/adpocosdecaldas.com.br\/portal\/wp-json\/wp\/v2\/posts\/28","targetHints":{"allow":["GET"]}}],"collection":[{"href":"https:\/\/adpocosdecaldas.com.br\/portal\/wp-json\/wp\/v2\/posts"}],"about":[{"href":"https:\/\/adpocosdecaldas.com.br\/portal\/wp-json\/wp\/v2\/types\/post"}],"author":[{"embeddable":true,"href":"https:\/\/adpocosdecaldas.com.br\/portal\/wp-json\/wp\/v2\/users\/2"}],"replies":[{"embeddable":true,"href":"https:\/\/adpocosdecaldas.com.br\/portal\/wp-json\/wp\/v2\/comments?post=28"}],"version-history":[{"count":3,"href":"https:\/\/adpocosdecaldas.com.br\/portal\/wp-json\/wp\/v2\/posts\/28\/revisions"}],"predecessor-version":[{"id":34,"href":"https:\/\/adpocosdecaldas.com.br\/portal\/wp-json\/wp\/v2\/posts\/28\/revisions\/34"}],"wp:featuredmedia":[{"embeddable":true,"href":"https:\/\/adpocosdecaldas.com.br\/portal\/wp-json\/wp\/v2\/media\/30"}],"wp:attachment":[{"href":"https:\/\/adpocosdecaldas.com.br\/portal\/wp-json\/wp\/v2\/media?parent=28"}],"wp:term":[{"taxonomy":"category","embeddable":true,"href":"https:\/\/adpocosdecaldas.com.br\/portal\/wp-json\/wp\/v2\/categories?post=28"},{"taxonomy":"post_tag","embeddable":true,"href":"https:\/\/adpocosdecaldas.com.br\/portal\/wp-json\/wp\/v2\/tags?post=28"}],"curies":[{"name":"wp","href":"https:\/\/api.w.org\/{rel}","templated":true}]}}