{"id":377,"date":"2016-11-06T11:00:22","date_gmt":"2016-11-06T14:00:22","guid":{"rendered":"http:\/\/adpocosdecaldas.com.br\/2016\/?p=377"},"modified":"2016-12-02T11:12:05","modified_gmt":"2016-12-02T14:12:05","slug":"congresso-ujacamp-2016","status":"publish","type":"post","link":"https:\/\/adpocosdecaldas.com.br\/portal\/blog\/2016\/11\/06\/congresso-ujacamp-2016\/","title":{"rendered":"Congresso UJACAMP 2016"},"content":{"rendered":"<p style=\"text-align: justify\">Foi uma ben\u00e7\u00e3o, para a gl\u00f3ria de Deus.<br \/>\nNa dire\u00e7\u00e3o do Ev. Rog\u00e9rio Cantalicio e sua equipe de jovens, houve pessoas que se decidiram por Cristo e tamb\u00e9m reconcilia\u00e7\u00e3o com o nosso Deus Eterno.<br \/>\nO Pastor Presidente Aur\u00e9lio Rodrigues dos Santos aben\u00e7oou o trabalho.<\/p>\n<p style=\"text-align: center\"><strong>Faz brilhar!<\/strong><\/p>\n<p><iframe loading=\"lazy\" width=\"800\" height=\"450\" src=\"https:\/\/www.youtube.com\/embed\/Eqhq97cN3Ts?feature=oembed\" frameborder=\"0\" allowfullscreen><\/iframe><\/p>\n","protected":false},"excerpt":{"rendered":"<p>Foi uma ben\u00e7\u00e3o, para a gl\u00f3ria de Deus. Na dire\u00e7\u00e3o do Ev. Rog\u00e9rio Cantalicio e sua equipe de jovens, houve<\/p>\n","protected":false},"author":1,"featured_media":378,"comment_status":"open","ping_status":"open","sticky":false,"template":"","format":"video","meta":{"colormag_page_container_layout":"default_layout","colormag_page_sidebar_layout":"default_layout","footnotes":""},"categories":[30,2],"tags":[32],"class_list":["post-377","post","type-post","status-publish","format-video","has-post-thumbnail","hentry","category-congressos","category-cultos","tag-ujacamp","post_format-post-format-video"],"_links":{"self":[{"href":"https:\/\/adpocosdecaldas.com.br\/portal\/wp-json\/wp\/v2\/posts\/377","targetHints":{"allow":["GET"]}}],"collection":[{"href":"https:\/\/adpocosdecaldas.com.br\/portal\/wp-json\/wp\/v2\/posts"}],"about":[{"href":"https:\/\/adpocosdecaldas.com.br\/portal\/wp-json\/wp\/v2\/types\/post"}],"author":[{"embeddable":true,"href":"https:\/\/adpocosdecaldas.com.br\/portal\/wp-json\/wp\/v2\/users\/1"}],"replies":[{"embeddable":true,"href":"https:\/\/adpocosdecaldas.com.br\/portal\/wp-json\/wp\/v2\/comments?post=377"}],"version-history":[{"count":4,"href":"https:\/\/adpocosdecaldas.com.br\/portal\/wp-json\/wp\/v2\/posts\/377\/revisions"}],"predecessor-version":[{"id":382,"href":"https:\/\/adpocosdecaldas.com.br\/portal\/wp-json\/wp\/v2\/posts\/377\/revisions\/382"}],"wp:featuredmedia":[{"embeddable":true,"href":"https:\/\/adpocosdecaldas.com.br\/portal\/wp-json\/wp\/v2\/media\/378"}],"wp:attachment":[{"href":"https:\/\/adpocosdecaldas.com.br\/portal\/wp-json\/wp\/v2\/media?parent=377"}],"wp:term":[{"taxonomy":"category","embeddable":true,"href":"https:\/\/adpocosdecaldas.com.br\/portal\/wp-json\/wp\/v2\/categories?post=377"},{"taxonomy":"post_tag","embeddable":true,"href":"https:\/\/adpocosdecaldas.com.br\/portal\/wp-json\/wp\/v2\/tags?post=377"}],"curies":[{"name":"wp","href":"https:\/\/api.w.org\/{rel}","templated":true}]}}