{"id":387,"date":"2016-10-22T11:45:03","date_gmt":"2016-10-22T14:45:03","guid":{"rendered":"http:\/\/adpocosdecaldas.com.br\/2016\/?p=387"},"modified":"2016-12-02T11:55:46","modified_gmt":"2016-12-02T14:55:46","slug":"ii-eblad","status":"publish","type":"post","link":"https:\/\/adpocosdecaldas.com.br\/portal\/blog\/2016\/10\/22\/ii-eblad\/","title":{"rendered":"II EBLAD"},"content":{"rendered":"<p><a href=\"http:\/\/adpocosdecaldas.com.br\/2016\/wp-content\/uploads\/2016\/12\/eblad2016.jpg\"><img loading=\"lazy\" decoding=\"async\" class=\"aligncenter wp-image-389\" src=\"http:\/\/adpocosdecaldas.com.br\/2016\/wp-content\/uploads\/2016\/12\/eblad2016-300x200.jpg\" alt=\"eblad2016\" width=\"500\" height=\"333\" srcset=\"https:\/\/adpocosdecaldas.com.br\/portal\/wp-content\/uploads\/2016\/12\/eblad2016-300x200.jpg 300w, https:\/\/adpocosdecaldas.com.br\/portal\/wp-content\/uploads\/2016\/12\/eblad2016-768x512.jpg 768w, https:\/\/adpocosdecaldas.com.br\/portal\/wp-content\/uploads\/2016\/12\/eblad2016.jpg 960w\" sizes=\"auto, (max-width: 500px) 100vw, 500px\" \/><\/a><\/p>\n<p>Nos dias 22 e 23 de outubro, s\u00e1bado e domingo, foi realizada a II EBLAD &#8211; Escola B\u00edblica de L\u00edderes da Assembleia de Deus.<\/p>\n<p><span class=\"_4n-j _3cht fsl\">Nesta edi\u00e7\u00e3o, foram abordados os seguintes temas:<\/span><\/p>\n<ol>\n<li><span class=\"_4n-j _3cht fsl\">Lideran\u00e7a em tempos de crise<\/span><\/li>\n<li><span class=\"_4n-j _3cht fsl\">L\u00edder que Deus usa<\/span><\/li>\n<li><span class=\"_4n-j _3cht fsl\">L\u00edderes e o seu legado<\/span><\/li>\n<li><span class=\"_4n-j _3cht fsl\">Vida de l\u00edder<\/span><\/li>\n<li><span class=\"_4n-j _3cht fsl\">A crian\u00e7a no cora\u00e7\u00e3o de Deus<\/span><\/li>\n<\/ol>\n","protected":false},"excerpt":{"rendered":"<p>Nos dias 22 e 23 de outubro, s\u00e1bado e domingo, foi realizada a II EBLAD &#8211; Escola B\u00edblica de L\u00edderes<\/p>\n","protected":false},"author":1,"featured_media":388,"comment_status":"open","ping_status":"open","sticky":false,"template":"","format":"standard","meta":{"colormag_page_container_layout":"default_layout","colormag_page_sidebar_layout":"default_layout","footnotes":""},"categories":[15],"tags":[33,34],"class_list":["post-387","post","type-post","status-publish","format-standard","has-post-thumbnail","hentry","category-ebd","tag-ensino","tag-escola"],"_links":{"self":[{"href":"https:\/\/adpocosdecaldas.com.br\/portal\/wp-json\/wp\/v2\/posts\/387","targetHints":{"allow":["GET"]}}],"collection":[{"href":"https:\/\/adpocosdecaldas.com.br\/portal\/wp-json\/wp\/v2\/posts"}],"about":[{"href":"https:\/\/adpocosdecaldas.com.br\/portal\/wp-json\/wp\/v2\/types\/post"}],"author":[{"embeddable":true,"href":"https:\/\/adpocosdecaldas.com.br\/portal\/wp-json\/wp\/v2\/users\/1"}],"replies":[{"embeddable":true,"href":"https:\/\/adpocosdecaldas.com.br\/portal\/wp-json\/wp\/v2\/comments?post=387"}],"version-history":[{"count":7,"href":"https:\/\/adpocosdecaldas.com.br\/portal\/wp-json\/wp\/v2\/posts\/387\/revisions"}],"predecessor-version":[{"id":396,"href":"https:\/\/adpocosdecaldas.com.br\/portal\/wp-json\/wp\/v2\/posts\/387\/revisions\/396"}],"wp:featuredmedia":[{"embeddable":true,"href":"https:\/\/adpocosdecaldas.com.br\/portal\/wp-json\/wp\/v2\/media\/388"}],"wp:attachment":[{"href":"https:\/\/adpocosdecaldas.com.br\/portal\/wp-json\/wp\/v2\/media?parent=387"}],"wp:term":[{"taxonomy":"category","embeddable":true,"href":"https:\/\/adpocosdecaldas.com.br\/portal\/wp-json\/wp\/v2\/categories?post=387"},{"taxonomy":"post_tag","embeddable":true,"href":"https:\/\/adpocosdecaldas.com.br\/portal\/wp-json\/wp\/v2\/tags?post=387"}],"curies":[{"name":"wp","href":"https:\/\/api.w.org\/{rel}","templated":true}]}}