{"id":420,"date":"2016-12-08T10:06:24","date_gmt":"2016-12-08T13:06:24","guid":{"rendered":"http:\/\/adpocosdecaldas.com.br\/2016\/?p=420"},"modified":"2016-12-08T10:07:45","modified_gmt":"2016-12-08T13:07:45","slug":"curiosidades-sobre-o-cerebro-humano","status":"publish","type":"post","link":"https:\/\/adpocosdecaldas.com.br\/portal\/blog\/2016\/12\/08\/curiosidades-sobre-o-cerebro-humano\/","title":{"rendered":"Curiosidades sobre o c\u00e9rebro humano"},"content":{"rendered":"<ul>\n<li style=\"text-align: justify;\">O c\u00e9rebro \u00e9 composto por cerca de 80% de \u00e1gua;<\/li>\n<li style=\"text-align: justify;\">\u00c9 um super HD, que pode arquivar o equivalente a 1.000 terabytes de informa\u00e7\u00f5es;<\/li>\n<li style=\"text-align: justify;\">Seu peso m\u00e9dio \u00e9 de, aproximadamente, 1,5 Kg, consumindo cerca de 20% do nosso oxig\u00eanio e de 15 a 20% da nossa glicose;<\/li>\n<li style=\"text-align: justify;\">O c\u00e9rebro possui mais conex\u00f5es do que o n\u00famero de estrelas em nossa gal\u00e1xia e se fosse posto em fila indiana, formaria uma linha de mil quil\u00f4metros de extens\u00e3o;<\/li>\n<li style=\"text-align: justify;\">As rugas do c\u00e9rebro, chamadas de Gyri, aumentam sua \u00e1rea, permitindo que armazenemos mais mem\u00f3ria;<\/li>\n<li style=\"text-align: justify;\">Vale ressaltar que a colora\u00e7\u00e3o do c\u00e9rebro de uma pessoa viva tem um tom rosado e n\u00e3o de colora\u00e7\u00e3o cinza como pensamos;<\/li>\n<li style=\"text-align: justify;\">Chamamos de &#8220;massa cinzenta&#8221; as c\u00e9lulas neurais que est\u00e3o envolvidas em coisas como a mem\u00f3ria, a fala e o controle dos m\u00fasculos;<\/li>\n<li style=\"text-align: justify;\">\u00c9 interessante que o c\u00e9rebro tem a mesma consist\u00eancia macia de uma barra de manteiga;<\/li>\n<li style=\"text-align: justify;\">Uma pessoa que n\u00e3o dorme direito, implicar\u00e1 na perda de mem\u00f3ria, raiva, alucina\u00e7\u00f5es, perda de foco, fala arrastada, encolhimento e at\u00e9 \u00e0 danos cerebrais, sem contar ainda aumenta a temperatura cerebral;<\/li>\n<li style=\"text-align: justify;\">De acordo com uma pesquisa divulgada em 2005, as \u00e1reas cerebrais respons\u00e1veis pela nossa capacidade de realizar m\u00faltiplas tarefas s\u00f3 podem ser consideradas completamente desenvolvidas depois dos 17 anos.<\/li>\n<\/ul>\n<p style=\"text-align: right;\"><em>Fonte: Jornal O Semeador<\/em><\/p>\n","protected":false},"excerpt":{"rendered":"<p>O c\u00e9rebro \u00e9 composto por cerca de 80% de \u00e1gua; \u00c9 um super HD, que pode arquivar o equivalente a<\/p>\n","protected":false},"author":1,"featured_media":421,"comment_status":"open","ping_status":"open","sticky":false,"template":"","format":"standard","meta":{"colormag_page_container_layout":"default_layout","colormag_page_sidebar_layout":"default_layout","footnotes":""},"categories":[54],"tags":[55],"class_list":["post-420","post","type-post","status-publish","format-standard","has-post-thumbnail","hentry","category-artigos","tag-ciencia"],"_links":{"self":[{"href":"https:\/\/adpocosdecaldas.com.br\/portal\/wp-json\/wp\/v2\/posts\/420","targetHints":{"allow":["GET"]}}],"collection":[{"href":"https:\/\/adpocosdecaldas.com.br\/portal\/wp-json\/wp\/v2\/posts"}],"about":[{"href":"https:\/\/adpocosdecaldas.com.br\/portal\/wp-json\/wp\/v2\/types\/post"}],"author":[{"embeddable":true,"href":"https:\/\/adpocosdecaldas.com.br\/portal\/wp-json\/wp\/v2\/users\/1"}],"replies":[{"embeddable":true,"href":"https:\/\/adpocosdecaldas.com.br\/portal\/wp-json\/wp\/v2\/comments?post=420"}],"version-history":[{"count":1,"href":"https:\/\/adpocosdecaldas.com.br\/portal\/wp-json\/wp\/v2\/posts\/420\/revisions"}],"predecessor-version":[{"id":422,"href":"https:\/\/adpocosdecaldas.com.br\/portal\/wp-json\/wp\/v2\/posts\/420\/revisions\/422"}],"wp:featuredmedia":[{"embeddable":true,"href":"https:\/\/adpocosdecaldas.com.br\/portal\/wp-json\/wp\/v2\/media\/421"}],"wp:attachment":[{"href":"https:\/\/adpocosdecaldas.com.br\/portal\/wp-json\/wp\/v2\/media?parent=420"}],"wp:term":[{"taxonomy":"category","embeddable":true,"href":"https:\/\/adpocosdecaldas.com.br\/portal\/wp-json\/wp\/v2\/categories?post=420"},{"taxonomy":"post_tag","embeddable":true,"href":"https:\/\/adpocosdecaldas.com.br\/portal\/wp-json\/wp\/v2\/tags?post=420"}],"curies":[{"name":"wp","href":"https:\/\/api.w.org\/{rel}","templated":true}]}}