{"id":641,"date":"2016-12-18T22:55:17","date_gmt":"2016-12-19T01:55:17","guid":{"rendered":"http:\/\/adpocosdecaldas.com.br\/2016\/?p=641"},"modified":"2016-12-19T11:01:39","modified_gmt":"2016-12-19T14:01:39","slug":"culto-de-criancas","status":"publish","type":"post","link":"https:\/\/adpocosdecaldas.com.br\/portal\/blog\/2016\/12\/18\/culto-de-criancas\/","title":{"rendered":"Culto de Crian\u00e7as"},"content":{"rendered":"<p>Neste domingo, 18 de dezembro, o Culto a Jesus foi ainda mais alegre! Nossas crian\u00e7as marcaram presen\u00e7a e entoaram hinos de louvor juntamente com todos os departamentos da igreja.<\/p>\n<p>A Tia Cl\u00e1udia, l\u00edder do Minist\u00e9rio Infantil, trouxe a palavra da noite, ensinando aos presentes acerca da importante hist\u00f3ria de Josu\u00e9, ocasi\u00e3o em que pudemos aprender sobre obedi\u00eancia, perseveran\u00e7a e f\u00e9!<\/p>\n<div id='gallery-1' class='gallery galleryid-641 gallery-columns-2 gallery-size-medium'><figure class='gallery-item'>\n\t\t\t<div class='gallery-icon landscape'>\n\t\t\t\t<a title=\"culto-criancas-saojorge-1\" href='https:\/\/adpocosdecaldas.com.br\/portal\/wp-content\/uploads\/2016\/12\/culto-criancas-saojorge-1.jpg'><img loading=\"lazy\" decoding=\"async\" width=\"300\" height=\"169\" src=\"https:\/\/adpocosdecaldas.com.br\/portal\/wp-content\/uploads\/2016\/12\/culto-criancas-saojorge-1-300x169.jpg\" class=\"attachment-medium size-medium\" alt=\"\" srcset=\"https:\/\/adpocosdecaldas.com.br\/portal\/wp-content\/uploads\/2016\/12\/culto-criancas-saojorge-1-300x169.jpg 300w, https:\/\/adpocosdecaldas.com.br\/portal\/wp-content\/uploads\/2016\/12\/culto-criancas-saojorge-1-768x432.jpg 768w, https:\/\/adpocosdecaldas.com.br\/portal\/wp-content\/uploads\/2016\/12\/culto-criancas-saojorge-1.jpg 1024w\" sizes=\"auto, (max-width: 300px) 100vw, 300px\" \/><\/a>\n\t\t\t<\/div><\/figure><figure class='gallery-item'>\n\t\t\t<div class='gallery-icon landscape'>\n\t\t\t\t<a title=\"culto-criancas-saojorge-2\" href='https:\/\/adpocosdecaldas.com.br\/portal\/wp-content\/uploads\/2016\/12\/culto-criancas-saojorge-2.jpg'><img loading=\"lazy\" decoding=\"async\" width=\"300\" height=\"169\" src=\"https:\/\/adpocosdecaldas.com.br\/portal\/wp-content\/uploads\/2016\/12\/culto-criancas-saojorge-2-300x169.jpg\" class=\"attachment-medium size-medium\" alt=\"\" srcset=\"https:\/\/adpocosdecaldas.com.br\/portal\/wp-content\/uploads\/2016\/12\/culto-criancas-saojorge-2-300x169.jpg 300w, https:\/\/adpocosdecaldas.com.br\/portal\/wp-content\/uploads\/2016\/12\/culto-criancas-saojorge-2-768x432.jpg 768w, https:\/\/adpocosdecaldas.com.br\/portal\/wp-content\/uploads\/2016\/12\/culto-criancas-saojorge-2.jpg 1024w\" sizes=\"auto, (max-width: 300px) 100vw, 300px\" \/><\/a>\n\t\t\t<\/div><\/figure>\n\t\t<\/div>\n\n","protected":false},"excerpt":{"rendered":"<p>Neste domingo, 18 de dezembro, o Culto a Jesus foi ainda mais alegre! Nossas crian\u00e7as marcaram presen\u00e7a e entoaram hinos<\/p>\n","protected":false},"author":1,"featured_media":642,"comment_status":"open","ping_status":"open","sticky":false,"template":"","format":"standard","meta":{"colormag_page_container_layout":"default_layout","colormag_page_sidebar_layout":"default_layout","footnotes":""},"categories":[2,51],"tags":[],"class_list":["post-641","post","type-post","status-publish","format-standard","has-post-thumbnail","hentry","category-cultos","category-sao-jorge"],"_links":{"self":[{"href":"https:\/\/adpocosdecaldas.com.br\/portal\/wp-json\/wp\/v2\/posts\/641","targetHints":{"allow":["GET"]}}],"collection":[{"href":"https:\/\/adpocosdecaldas.com.br\/portal\/wp-json\/wp\/v2\/posts"}],"about":[{"href":"https:\/\/adpocosdecaldas.com.br\/portal\/wp-json\/wp\/v2\/types\/post"}],"author":[{"embeddable":true,"href":"https:\/\/adpocosdecaldas.com.br\/portal\/wp-json\/wp\/v2\/users\/1"}],"replies":[{"embeddable":true,"href":"https:\/\/adpocosdecaldas.com.br\/portal\/wp-json\/wp\/v2\/comments?post=641"}],"version-history":[{"count":1,"href":"https:\/\/adpocosdecaldas.com.br\/portal\/wp-json\/wp\/v2\/posts\/641\/revisions"}],"predecessor-version":[{"id":645,"href":"https:\/\/adpocosdecaldas.com.br\/portal\/wp-json\/wp\/v2\/posts\/641\/revisions\/645"}],"wp:featuredmedia":[{"embeddable":true,"href":"https:\/\/adpocosdecaldas.com.br\/portal\/wp-json\/wp\/v2\/media\/642"}],"wp:attachment":[{"href":"https:\/\/adpocosdecaldas.com.br\/portal\/wp-json\/wp\/v2\/media?parent=641"}],"wp:term":[{"taxonomy":"category","embeddable":true,"href":"https:\/\/adpocosdecaldas.com.br\/portal\/wp-json\/wp\/v2\/categories?post=641"},{"taxonomy":"post_tag","embeddable":true,"href":"https:\/\/adpocosdecaldas.com.br\/portal\/wp-json\/wp\/v2\/tags?post=641"}],"curies":[{"name":"wp","href":"https:\/\/api.w.org\/{rel}","templated":true}]}}