{"id":684,"date":"2016-12-19T22:21:20","date_gmt":"2016-12-20T01:21:20","guid":{"rendered":"http:\/\/adpocosdecaldas.com.br\/2016\/?p=684"},"modified":"2016-12-20T16:59:18","modified_gmt":"2016-12-20T19:59:18","slug":"confraternizacao-do-circulo-de-oracao","status":"publish","type":"post","link":"https:\/\/adpocosdecaldas.com.br\/portal\/blog\/2016\/12\/19\/confraternizacao-do-circulo-de-oracao\/","title":{"rendered":"Confraterniza\u00e7\u00e3o do C\u00edrculo de Ora\u00e7\u00e3o"},"content":{"rendered":"<p>Encerrando mais um ano de trabalho, as irm\u00e3s do C\u00edrculo de Ora\u00e7\u00e3o Brasas Vivas confraternizaram-se com palavra e poder de Deus.<\/p>\n<blockquote>\n<p style=\"text-align: center;\">Mulheres virtuosas e vitoriosas;<br \/>\no seu valor muito excede ao de rubis.<\/p>\n<\/blockquote>\n<div id='gallery-1' class='gallery galleryid-684 gallery-columns-4 gallery-size-colormag-featured-image'><figure class='gallery-item'>\n\t\t\t<div class='gallery-icon portrait'>\n\t\t\t\t<a title=\"IMG-20161220-WA0005\" href='https:\/\/adpocosdecaldas.com.br\/portal\/wp-content\/uploads\/2016\/12\/IMG-20161220-WA0005.jpg'><img loading=\"lazy\" decoding=\"async\" width=\"800\" height=\"445\" src=\"https:\/\/adpocosdecaldas.com.br\/portal\/wp-content\/uploads\/2016\/12\/IMG-20161220-WA0005-800x445.jpg\" class=\"attachment-colormag-featured-image size-colormag-featured-image\" alt=\"\" \/><\/a>\n\t\t\t<\/div><\/figure><figure class='gallery-item'>\n\t\t\t<div class='gallery-icon landscape'>\n\t\t\t\t<a title=\"IMG-20161220-WA0007\" href='https:\/\/adpocosdecaldas.com.br\/portal\/wp-content\/uploads\/2016\/12\/IMG-20161220-WA0007.jpg'><img loading=\"lazy\" decoding=\"async\" width=\"800\" height=\"445\" src=\"https:\/\/adpocosdecaldas.com.br\/portal\/wp-content\/uploads\/2016\/12\/IMG-20161220-WA0007-800x445.jpg\" class=\"attachment-colormag-featured-image size-colormag-featured-image\" alt=\"\" \/><\/a>\n\t\t\t<\/div><\/figure><figure class='gallery-item'>\n\t\t\t<div class='gallery-icon landscape'>\n\t\t\t\t<a title=\"IMG-20161220-WA0004\" href='https:\/\/adpocosdecaldas.com.br\/portal\/wp-content\/uploads\/2016\/12\/IMG-20161220-WA0004.jpg'><img loading=\"lazy\" decoding=\"async\" width=\"800\" height=\"445\" src=\"https:\/\/adpocosdecaldas.com.br\/portal\/wp-content\/uploads\/2016\/12\/IMG-20161220-WA0004-800x445.jpg\" class=\"attachment-colormag-featured-image size-colormag-featured-image\" alt=\"\" \/><\/a>\n\t\t\t<\/div><\/figure><figure class='gallery-item'>\n\t\t\t<div class='gallery-icon portrait'>\n\t\t\t\t<a title=\"IMG-20161220-WA0006\" href='https:\/\/adpocosdecaldas.com.br\/portal\/wp-content\/uploads\/2016\/12\/IMG-20161220-WA0006.jpg'><img loading=\"lazy\" decoding=\"async\" width=\"800\" height=\"445\" src=\"https:\/\/adpocosdecaldas.com.br\/portal\/wp-content\/uploads\/2016\/12\/IMG-20161220-WA0006-800x445.jpg\" class=\"attachment-colormag-featured-image size-colormag-featured-image\" alt=\"\" \/><\/a>\n\t\t\t<\/div><\/figure>\n\t\t<\/div>\n\n","protected":false},"excerpt":{"rendered":"<p>Encerrando mais um ano de trabalho, as irm\u00e3s do C\u00edrculo de Ora\u00e7\u00e3o Brasas Vivas confraternizaram-se com palavra e poder de<\/p>\n","protected":false},"author":1,"featured_media":685,"comment_status":"open","ping_status":"open","sticky":false,"template":"","format":"standard","meta":{"colormag_page_container_layout":"default_layout","colormag_page_sidebar_layout":"default_layout","footnotes":""},"categories":[29,22],"tags":[],"class_list":["post-684","post","type-post","status-publish","format-standard","has-post-thumbnail","hentry","category-comemoracoes","category-pq-pinheiros"],"_links":{"self":[{"href":"https:\/\/adpocosdecaldas.com.br\/portal\/wp-json\/wp\/v2\/posts\/684","targetHints":{"allow":["GET"]}}],"collection":[{"href":"https:\/\/adpocosdecaldas.com.br\/portal\/wp-json\/wp\/v2\/posts"}],"about":[{"href":"https:\/\/adpocosdecaldas.com.br\/portal\/wp-json\/wp\/v2\/types\/post"}],"author":[{"embeddable":true,"href":"https:\/\/adpocosdecaldas.com.br\/portal\/wp-json\/wp\/v2\/users\/1"}],"replies":[{"embeddable":true,"href":"https:\/\/adpocosdecaldas.com.br\/portal\/wp-json\/wp\/v2\/comments?post=684"}],"version-history":[{"count":3,"href":"https:\/\/adpocosdecaldas.com.br\/portal\/wp-json\/wp\/v2\/posts\/684\/revisions"}],"predecessor-version":[{"id":692,"href":"https:\/\/adpocosdecaldas.com.br\/portal\/wp-json\/wp\/v2\/posts\/684\/revisions\/692"}],"wp:featuredmedia":[{"embeddable":true,"href":"https:\/\/adpocosdecaldas.com.br\/portal\/wp-json\/wp\/v2\/media\/685"}],"wp:attachment":[{"href":"https:\/\/adpocosdecaldas.com.br\/portal\/wp-json\/wp\/v2\/media?parent=684"}],"wp:term":[{"taxonomy":"category","embeddable":true,"href":"https:\/\/adpocosdecaldas.com.br\/portal\/wp-json\/wp\/v2\/categories?post=684"},{"taxonomy":"post_tag","embeddable":true,"href":"https:\/\/adpocosdecaldas.com.br\/portal\/wp-json\/wp\/v2\/tags?post=684"}],"curies":[{"name":"wp","href":"https:\/\/api.w.org\/{rel}","templated":true}]}}