{"id":81,"date":"2016-10-04T18:49:24","date_gmt":"2016-10-04T21:49:24","guid":{"rendered":"http:\/\/adpocosdecaldas.com.br\/2016\/?p=81"},"modified":"2016-11-30T16:20:29","modified_gmt":"2016-11-30T19:20:29","slug":"culto-de-obreiros-com-a-congregacao-pq-pinheiros","status":"publish","type":"post","link":"https:\/\/adpocosdecaldas.com.br\/portal\/blog\/2016\/10\/04\/culto-de-obreiros-com-a-congregacao-pq-pinheiros\/","title":{"rendered":"Culto de Obreiros com a Congrega\u00e7\u00e3o Pq. Pinheiros"},"content":{"rendered":"<p style=\"text-align: justify;\">Amados irm\u00e3os, a paz do Senhor!<\/p>\n<p style=\"text-align: justify;\">Glorificamos ao nosso Deus por mais um aben\u00e7oado culto de doutrina.<\/p>\n<p style=\"text-align: justify;\">Na igreja Sede, estiveram conosco os nobres dirigentes de nossas congrega\u00e7\u00f5es, em evid\u00eancia a Congrega\u00e7\u00e3o do Parque Pinheiros, dirigida pelo Pr. Jo\u00e3o Lino.<\/p>\n<p style=\"text-align: justify;\">Engrandecemos ao nosso Deus, em nome de Jesus, atrav\u00e9s de louvores e s\u00faplicas. A palavra da noite foi ministrada pelo Pr. Presidente Aur\u00e9lio R. dos Santos, em Salmos 30:5. Atrav\u00e9s da sua mensagem, pudemos aprender a import\u00e2ncia de n\u00e3o desistir, enfrentar os obst\u00e1culos, pois Deus tem coisas grandes para realizar atrav\u00e9s de n\u00f3s.<\/p>\n<p style=\"text-align: justify;\">Louvado seja Deus!<\/p>\n","protected":false},"excerpt":{"rendered":"<p>Amados irm\u00e3os, a paz do Senhor! Glorificamos ao nosso Deus por mais um aben\u00e7oado culto de doutrina. Na igreja Sede,<\/p>\n","protected":false},"author":1,"featured_media":170,"comment_status":"open","ping_status":"open","sticky":false,"template":"","format":"gallery","meta":{"colormag_page_container_layout":"default_layout","colormag_page_sidebar_layout":"default_layout","footnotes":""},"categories":[21,2,22],"tags":[5,23],"class_list":["post-81","post","type-post","status-publish","format-gallery","has-post-thumbnail","hentry","category-congregacoes","category-cultos","category-pq-pinheiros","tag-doutrina","tag-obreiros","post_format-post-format-gallery"],"_links":{"self":[{"href":"https:\/\/adpocosdecaldas.com.br\/portal\/wp-json\/wp\/v2\/posts\/81","targetHints":{"allow":["GET"]}}],"collection":[{"href":"https:\/\/adpocosdecaldas.com.br\/portal\/wp-json\/wp\/v2\/posts"}],"about":[{"href":"https:\/\/adpocosdecaldas.com.br\/portal\/wp-json\/wp\/v2\/types\/post"}],"author":[{"embeddable":true,"href":"https:\/\/adpocosdecaldas.com.br\/portal\/wp-json\/wp\/v2\/users\/1"}],"replies":[{"embeddable":true,"href":"https:\/\/adpocosdecaldas.com.br\/portal\/wp-json\/wp\/v2\/comments?post=81"}],"version-history":[{"count":4,"href":"https:\/\/adpocosdecaldas.com.br\/portal\/wp-json\/wp\/v2\/posts\/81\/revisions"}],"predecessor-version":[{"id":273,"href":"https:\/\/adpocosdecaldas.com.br\/portal\/wp-json\/wp\/v2\/posts\/81\/revisions\/273"}],"wp:featuredmedia":[{"embeddable":true,"href":"https:\/\/adpocosdecaldas.com.br\/portal\/wp-json\/wp\/v2\/media\/170"}],"wp:attachment":[{"href":"https:\/\/adpocosdecaldas.com.br\/portal\/wp-json\/wp\/v2\/media?parent=81"}],"wp:term":[{"taxonomy":"category","embeddable":true,"href":"https:\/\/adpocosdecaldas.com.br\/portal\/wp-json\/wp\/v2\/categories?post=81"},{"taxonomy":"post_tag","embeddable":true,"href":"https:\/\/adpocosdecaldas.com.br\/portal\/wp-json\/wp\/v2\/tags?post=81"}],"curies":[{"name":"wp","href":"https:\/\/api.w.org\/{rel}","templated":true}]}}