{"id":851,"date":"2016-12-29T21:37:10","date_gmt":"2016-12-30T00:37:10","guid":{"rendered":"http:\/\/adpocosdecaldas.com.br\/portal\/?p=851"},"modified":"2017-01-12T13:48:46","modified_gmt":"2017-01-12T16:48:46","slug":"acao-de-gracas-pela-vida-do-bebe-antonio","status":"publish","type":"post","link":"https:\/\/adpocosdecaldas.com.br\/portal\/blog\/2016\/12\/29\/acao-de-gracas-pela-vida-do-bebe-antonio\/","title":{"rendered":"A\u00e7\u00e3o de gra\u00e7as pela vida do beb\u00ea Ant\u00f4nio"},"content":{"rendered":"<p>Dia de festa! Deus marcou esta data para que a igreja se reunisse e O adorasse em reconhecimento ao grande milagre que operou na vida do beb\u00ea Ant\u00f4nio, que fora acometido de uma grave enfermidade.<\/p>\n<p>O Senhor n\u00e3o mudou e jamais mudar\u00e1!<\/p>\n","protected":false},"excerpt":{"rendered":"<p>Dia de festa! Deus marcou esta data para que a igreja se reunisse e O adorasse em reconhecimento ao grande<\/p>\n","protected":false},"author":1,"featured_media":852,"comment_status":"open","ping_status":"open","sticky":false,"template":"","format":"standard","meta":{"colormag_page_container_layout":"default_layout","colormag_page_sidebar_layout":"default_layout","footnotes":""},"categories":[29,2],"tags":[],"class_list":["post-851","post","type-post","status-publish","format-standard","has-post-thumbnail","hentry","category-comemoracoes","category-cultos"],"_links":{"self":[{"href":"https:\/\/adpocosdecaldas.com.br\/portal\/wp-json\/wp\/v2\/posts\/851","targetHints":{"allow":["GET"]}}],"collection":[{"href":"https:\/\/adpocosdecaldas.com.br\/portal\/wp-json\/wp\/v2\/posts"}],"about":[{"href":"https:\/\/adpocosdecaldas.com.br\/portal\/wp-json\/wp\/v2\/types\/post"}],"author":[{"embeddable":true,"href":"https:\/\/adpocosdecaldas.com.br\/portal\/wp-json\/wp\/v2\/users\/1"}],"replies":[{"embeddable":true,"href":"https:\/\/adpocosdecaldas.com.br\/portal\/wp-json\/wp\/v2\/comments?post=851"}],"version-history":[{"count":2,"href":"https:\/\/adpocosdecaldas.com.br\/portal\/wp-json\/wp\/v2\/posts\/851\/revisions"}],"predecessor-version":[{"id":854,"href":"https:\/\/adpocosdecaldas.com.br\/portal\/wp-json\/wp\/v2\/posts\/851\/revisions\/854"}],"wp:featuredmedia":[{"embeddable":true,"href":"https:\/\/adpocosdecaldas.com.br\/portal\/wp-json\/wp\/v2\/media\/852"}],"wp:attachment":[{"href":"https:\/\/adpocosdecaldas.com.br\/portal\/wp-json\/wp\/v2\/media?parent=851"}],"wp:term":[{"taxonomy":"category","embeddable":true,"href":"https:\/\/adpocosdecaldas.com.br\/portal\/wp-json\/wp\/v2\/categories?post=851"},{"taxonomy":"post_tag","embeddable":true,"href":"https:\/\/adpocosdecaldas.com.br\/portal\/wp-json\/wp\/v2\/tags?post=851"}],"curies":[{"name":"wp","href":"https:\/\/api.w.org\/{rel}","templated":true}]}}