{"id":897,"date":"2017-01-18T22:46:56","date_gmt":"2017-01-19T01:46:56","guid":{"rendered":"http:\/\/adpocosdecaldas.com.br\/portal\/?p=897"},"modified":"2017-01-18T22:46:56","modified_gmt":"2017-01-19T01:46:56","slug":"sao-jose-novas-fotos-ii","status":"publish","type":"post","link":"https:\/\/adpocosdecaldas.com.br\/portal\/blog\/2017\/01\/18\/sao-jose-novas-fotos-ii\/","title":{"rendered":"S\u00e3o Jos\u00e9: novas fotos II"},"content":{"rendered":"<p>De vento em popa! \u00c9 assim que se resume o impressionante andamento da constru\u00e7\u00e3o da nova catedral que est\u00e1 sendo\u00a0edificada no bairro S\u00e3o Jos\u00e9. Primeira laje conclu\u00edda!<\/p>\n<p style=\"padding-left: 30px;\"><em>&#8220;Se o SENHOR n\u00e3o edificar a casa, em v\u00e3o trabalham os que a edificam; se o SENHOR n\u00e3o guardar a cidade, em v\u00e3o vigia a sentinela.&#8221;\u00a0Salmos 127:1<\/em><\/p>\n<div id='gallery-1' class='gallery galleryid-897 gallery-columns-4 gallery-size-colormag-featured-image'><figure class='gallery-item'>\n\t\t\t<div class='gallery-icon portrait'>\n\t\t\t\t<a title=\"01-sao-jose\" href='https:\/\/adpocosdecaldas.com.br\/portal\/wp-content\/uploads\/2017\/01\/01-sao-jose.jpg'><img loading=\"lazy\" decoding=\"async\" width=\"576\" height=\"445\" src=\"https:\/\/adpocosdecaldas.com.br\/portal\/wp-content\/uploads\/2017\/01\/01-sao-jose-576x445.jpg\" class=\"attachment-colormag-featured-image size-colormag-featured-image\" alt=\"\" \/><\/a>\n\t\t\t<\/div><\/figure><figure class='gallery-item'>\n\t\t\t<div class='gallery-icon landscape'>\n\t\t\t\t<a title=\"02-sao-jose\" href='https:\/\/adpocosdecaldas.com.br\/portal\/wp-content\/uploads\/2017\/01\/02-sao-jose.jpg'><img loading=\"lazy\" decoding=\"async\" width=\"800\" height=\"445\" src=\"https:\/\/adpocosdecaldas.com.br\/portal\/wp-content\/uploads\/2017\/01\/02-sao-jose-800x445.jpg\" class=\"attachment-colormag-featured-image size-colormag-featured-image\" alt=\"\" srcset=\"https:\/\/adpocosdecaldas.com.br\/portal\/wp-content\/uploads\/2017\/01\/02-sao-jose-800x445.jpg 800w, https:\/\/adpocosdecaldas.com.br\/portal\/wp-content\/uploads\/2017\/01\/02-sao-jose-300x168.jpg 300w\" sizes=\"auto, (max-width: 800px) 100vw, 800px\" \/><\/a>\n\t\t\t<\/div><\/figure><figure class='gallery-item'>\n\t\t\t<div class='gallery-icon portrait'>\n\t\t\t\t<a title=\"03-sao-jose\" href='https:\/\/adpocosdecaldas.com.br\/portal\/wp-content\/uploads\/2017\/01\/03-sao-jose.jpg'><img loading=\"lazy\" decoding=\"async\" width=\"576\" height=\"445\" src=\"https:\/\/adpocosdecaldas.com.br\/portal\/wp-content\/uploads\/2017\/01\/03-sao-jose-576x445.jpg\" class=\"attachment-colormag-featured-image size-colormag-featured-image\" alt=\"\" \/><\/a>\n\t\t\t<\/div><\/figure><figure class='gallery-item'>\n\t\t\t<div class='gallery-icon portrait'>\n\t\t\t\t<a title=\"04-sao-jose\" href='https:\/\/adpocosdecaldas.com.br\/portal\/wp-content\/uploads\/2017\/01\/04-sao-jose.jpg'><img loading=\"lazy\" decoding=\"async\" width=\"576\" height=\"445\" src=\"https:\/\/adpocosdecaldas.com.br\/portal\/wp-content\/uploads\/2017\/01\/04-sao-jose-576x445.jpg\" class=\"attachment-colormag-featured-image size-colormag-featured-image\" alt=\"\" \/><\/a>\n\t\t\t<\/div><\/figure><figure class='gallery-item'>\n\t\t\t<div class='gallery-icon portrait'>\n\t\t\t\t<a title=\"05-sao-jose\" href='https:\/\/adpocosdecaldas.com.br\/portal\/wp-content\/uploads\/2017\/01\/05-sao-jose.jpg'><img loading=\"lazy\" decoding=\"async\" width=\"576\" height=\"445\" src=\"https:\/\/adpocosdecaldas.com.br\/portal\/wp-content\/uploads\/2017\/01\/05-sao-jose-576x445.jpg\" class=\"attachment-colormag-featured-image size-colormag-featured-image\" alt=\"\" \/><\/a>\n\t\t\t<\/div><\/figure><figure class='gallery-item'>\n\t\t\t<div class='gallery-icon landscape'>\n\t\t\t\t<a title=\"06-sao-jose\" href='https:\/\/adpocosdecaldas.com.br\/portal\/wp-content\/uploads\/2017\/01\/06-sao-jose.jpg'><img loading=\"lazy\" decoding=\"async\" width=\"800\" height=\"445\" src=\"https:\/\/adpocosdecaldas.com.br\/portal\/wp-content\/uploads\/2017\/01\/06-sao-jose-800x445.jpg\" class=\"attachment-colormag-featured-image size-colormag-featured-image\" alt=\"\" srcset=\"https:\/\/adpocosdecaldas.com.br\/portal\/wp-content\/uploads\/2017\/01\/06-sao-jose-800x445.jpg 800w, https:\/\/adpocosdecaldas.com.br\/portal\/wp-content\/uploads\/2017\/01\/06-sao-jose-300x168.jpg 300w\" sizes=\"auto, (max-width: 800px) 100vw, 800px\" \/><\/a>\n\t\t\t<\/div><\/figure><figure class='gallery-item'>\n\t\t\t<div class='gallery-icon portrait'>\n\t\t\t\t<a title=\"07-sao-jose\" href='https:\/\/adpocosdecaldas.com.br\/portal\/wp-content\/uploads\/2017\/01\/07-sao-jose.jpg'><img loading=\"lazy\" decoding=\"async\" width=\"576\" height=\"445\" src=\"https:\/\/adpocosdecaldas.com.br\/portal\/wp-content\/uploads\/2017\/01\/07-sao-jose-576x445.jpg\" class=\"attachment-colormag-featured-image size-colormag-featured-image\" alt=\"\" \/><\/a>\n\t\t\t<\/div><\/figure><figure class='gallery-item'>\n\t\t\t<div class='gallery-icon portrait'>\n\t\t\t\t<a title=\"08-sao-jose\" href='https:\/\/adpocosdecaldas.com.br\/portal\/wp-content\/uploads\/2017\/01\/08-sao-jose.jpg'><img loading=\"lazy\" decoding=\"async\" width=\"576\" height=\"445\" src=\"https:\/\/adpocosdecaldas.com.br\/portal\/wp-content\/uploads\/2017\/01\/08-sao-jose-576x445.jpg\" class=\"attachment-colormag-featured-image size-colormag-featured-image\" alt=\"\" \/><\/a>\n\t\t\t<\/div><\/figure><figure class='gallery-item'>\n\t\t\t<div class='gallery-icon landscape'>\n\t\t\t\t<a title=\"09-sao-jose\" href='https:\/\/adpocosdecaldas.com.br\/portal\/wp-content\/uploads\/2017\/01\/09-sao-jose.jpg'><img loading=\"lazy\" decoding=\"async\" width=\"800\" height=\"445\" src=\"https:\/\/adpocosdecaldas.com.br\/portal\/wp-content\/uploads\/2017\/01\/09-sao-jose-800x445.jpg\" class=\"attachment-colormag-featured-image size-colormag-featured-image\" alt=\"\" srcset=\"https:\/\/adpocosdecaldas.com.br\/portal\/wp-content\/uploads\/2017\/01\/09-sao-jose-800x445.jpg 800w, https:\/\/adpocosdecaldas.com.br\/portal\/wp-content\/uploads\/2017\/01\/09-sao-jose-300x168.jpg 300w\" sizes=\"auto, (max-width: 800px) 100vw, 800px\" \/><\/a>\n\t\t\t<\/div><\/figure><figure class='gallery-item'>\n\t\t\t<div class='gallery-icon portrait'>\n\t\t\t\t<a title=\"10-sao-jose\" href='https:\/\/adpocosdecaldas.com.br\/portal\/wp-content\/uploads\/2017\/01\/10-sao-jose.jpg'><img loading=\"lazy\" decoding=\"async\" width=\"576\" height=\"445\" src=\"https:\/\/adpocosdecaldas.com.br\/portal\/wp-content\/uploads\/2017\/01\/10-sao-jose-576x445.jpg\" class=\"attachment-colormag-featured-image size-colormag-featured-image\" alt=\"\" \/><\/a>\n\t\t\t<\/div><\/figure><figure class='gallery-item'>\n\t\t\t<div class='gallery-icon landscape'>\n\t\t\t\t<a title=\"11-sao-jose\" href='https:\/\/adpocosdecaldas.com.br\/portal\/wp-content\/uploads\/2017\/01\/11-sao-jose.jpg'><img loading=\"lazy\" decoding=\"async\" width=\"800\" height=\"445\" src=\"https:\/\/adpocosdecaldas.com.br\/portal\/wp-content\/uploads\/2017\/01\/11-sao-jose-800x445.jpg\" class=\"attachment-colormag-featured-image size-colormag-featured-image\" alt=\"\" \/><\/a>\n\t\t\t<\/div><\/figure><figure class='gallery-item'>\n\t\t\t<div class='gallery-icon landscape'>\n\t\t\t\t<a title=\"12-sao-jose\" href='https:\/\/adpocosdecaldas.com.br\/portal\/wp-content\/uploads\/2017\/01\/12-sao-jose.jpg'><img loading=\"lazy\" decoding=\"async\" width=\"800\" height=\"445\" src=\"https:\/\/adpocosdecaldas.com.br\/portal\/wp-content\/uploads\/2017\/01\/12-sao-jose-800x445.jpg\" class=\"attachment-colormag-featured-image size-colormag-featured-image\" alt=\"\" \/><\/a>\n\t\t\t<\/div><\/figure><figure class='gallery-item'>\n\t\t\t<div class='gallery-icon landscape'>\n\t\t\t\t<a title=\"13-sao-jose\" href='https:\/\/adpocosdecaldas.com.br\/portal\/wp-content\/uploads\/2017\/01\/13-sao-jose.jpg'><img loading=\"lazy\" decoding=\"async\" width=\"800\" height=\"445\" src=\"https:\/\/adpocosdecaldas.com.br\/portal\/wp-content\/uploads\/2017\/01\/13-sao-jose-800x445.jpg\" class=\"attachment-colormag-featured-image size-colormag-featured-image\" alt=\"\" \/><\/a>\n\t\t\t<\/div><\/figure><figure class='gallery-item'>\n\t\t\t<div class='gallery-icon landscape'>\n\t\t\t\t<a title=\"14-sao-jose\" href='https:\/\/adpocosdecaldas.com.br\/portal\/wp-content\/uploads\/2017\/01\/14-sao-jose.jpg'><img loading=\"lazy\" decoding=\"async\" width=\"800\" height=\"445\" src=\"https:\/\/adpocosdecaldas.com.br\/portal\/wp-content\/uploads\/2017\/01\/14-sao-jose-800x445.jpg\" class=\"attachment-colormag-featured-image size-colormag-featured-image\" alt=\"\" \/><\/a>\n\t\t\t<\/div><\/figure><figure class='gallery-item'>\n\t\t\t<div class='gallery-icon landscape'>\n\t\t\t\t<a title=\"15-sao-jose\" href='https:\/\/adpocosdecaldas.com.br\/portal\/wp-content\/uploads\/2017\/01\/15-sao-jose.jpg'><img loading=\"lazy\" decoding=\"async\" width=\"800\" height=\"445\" src=\"https:\/\/adpocosdecaldas.com.br\/portal\/wp-content\/uploads\/2017\/01\/15-sao-jose-800x445.jpg\" class=\"attachment-colormag-featured-image size-colormag-featured-image\" alt=\"\" \/><\/a>\n\t\t\t<\/div><\/figure><figure class='gallery-item'>\n\t\t\t<div class='gallery-icon landscape'>\n\t\t\t\t<a title=\"16-sao-jose\" href='https:\/\/adpocosdecaldas.com.br\/portal\/wp-content\/uploads\/2017\/01\/16-sao-jose.jpg'><img loading=\"lazy\" decoding=\"async\" width=\"800\" height=\"445\" src=\"https:\/\/adpocosdecaldas.com.br\/portal\/wp-content\/uploads\/2017\/01\/16-sao-jose-800x445.jpg\" class=\"attachment-colormag-featured-image size-colormag-featured-image\" alt=\"\" \/><\/a>\n\t\t\t<\/div><\/figure>\n\t\t<\/div>\n\n","protected":false},"excerpt":{"rendered":"<p>De vento em popa! \u00c9 assim que se resume o impressionante andamento da constru\u00e7\u00e3o da nova catedral que est\u00e1 sendo\u00a0edificada<\/p>\n","protected":false},"author":1,"featured_media":915,"comment_status":"open","ping_status":"open","sticky":false,"template":"","format":"standard","meta":{"colormag_page_container_layout":"default_layout","colormag_page_sidebar_layout":"default_layout","footnotes":""},"categories":[21,10,24],"tags":[],"class_list":["post-897","post","type-post","status-publish","format-standard","has-post-thumbnail","hentry","category-congregacoes","category-construcoes","category-sao-jose"],"_links":{"self":[{"href":"https:\/\/adpocosdecaldas.com.br\/portal\/wp-json\/wp\/v2\/posts\/897","targetHints":{"allow":["GET"]}}],"collection":[{"href":"https:\/\/adpocosdecaldas.com.br\/portal\/wp-json\/wp\/v2\/posts"}],"about":[{"href":"https:\/\/adpocosdecaldas.com.br\/portal\/wp-json\/wp\/v2\/types\/post"}],"author":[{"embeddable":true,"href":"https:\/\/adpocosdecaldas.com.br\/portal\/wp-json\/wp\/v2\/users\/1"}],"replies":[{"embeddable":true,"href":"https:\/\/adpocosdecaldas.com.br\/portal\/wp-json\/wp\/v2\/comments?post=897"}],"version-history":[{"count":1,"href":"https:\/\/adpocosdecaldas.com.br\/portal\/wp-json\/wp\/v2\/posts\/897\/revisions"}],"predecessor-version":[{"id":932,"href":"https:\/\/adpocosdecaldas.com.br\/portal\/wp-json\/wp\/v2\/posts\/897\/revisions\/932"}],"wp:featuredmedia":[{"embeddable":true,"href":"https:\/\/adpocosdecaldas.com.br\/portal\/wp-json\/wp\/v2\/media\/915"}],"wp:attachment":[{"href":"https:\/\/adpocosdecaldas.com.br\/portal\/wp-json\/wp\/v2\/media?parent=897"}],"wp:term":[{"taxonomy":"category","embeddable":true,"href":"https:\/\/adpocosdecaldas.com.br\/portal\/wp-json\/wp\/v2\/categories?post=897"},{"taxonomy":"post_tag","embeddable":true,"href":"https:\/\/adpocosdecaldas.com.br\/portal\/wp-json\/wp\/v2\/tags?post=897"}],"curies":[{"name":"wp","href":"https:\/\/api.w.org\/{rel}","templated":true}]}}